{"id":648,"date":"2022-07-26T20:32:33","date_gmt":"2022-07-26T18:32:33","guid":{"rendered":"https:\/\/bloggystyle.fotogravi.de\/?p=648"},"modified":"2022-07-26T20:32:33","modified_gmt":"2022-07-26T18:32:33","slug":"der-facettenreiche-mut","status":"publish","type":"post","link":"https:\/\/bloggystyle.fotogravi.de\/index.php\/der-facettenreiche-mut\/","title":{"rendered":"Der facettenreiche Mut"},"content":{"rendered":"\n<p>Was ist Mut?<\/p>\n\n\n\n<p>Gibt es eine Definition von Mut?<\/p>\n\n\n\n<p>Hat Mut eventuell mehr Facetten als wir bisher dachten?<\/p>\n\n\n\n<figure class=\"wp-block-image size-large\"><img loading=\"lazy\" decoding=\"async\" width=\"1024\" height=\"587\" src=\"https:\/\/bloggystyle.fotogravi.de\/wp-content\/uploads\/2022\/07\/IMG_20190912_143644-1024x587.jpg\" alt=\"\" class=\"wp-image-650\" srcset=\"https:\/\/bloggystyle.fotogravi.de\/wp-content\/uploads\/2022\/07\/IMG_20190912_143644-1024x587.jpg 1024w, https:\/\/bloggystyle.fotogravi.de\/wp-content\/uploads\/2022\/07\/IMG_20190912_143644-300x172.jpg 300w, https:\/\/bloggystyle.fotogravi.de\/wp-content\/uploads\/2022\/07\/IMG_20190912_143644-768x440.jpg 768w, https:\/\/bloggystyle.fotogravi.de\/wp-content\/uploads\/2022\/07\/IMG_20190912_143644-1536x881.jpg 1536w, https:\/\/bloggystyle.fotogravi.de\/wp-content\/uploads\/2022\/07\/IMG_20190912_143644-2048x1174.jpg 2048w\" sizes=\"auto, (max-width: 1024px) 100vw, 1024px\" \/><\/figure>\n\n\n\n<p>Oxford Languages hat dazu folgende Definition in der Pipeline (die haben wenigstens etwas in der Pipeline &#8211; ha ha)<\/p>\n\n\n\n<p><strong>Mut<\/strong><\/p>\n\n\n\n<p><strong><em>Substantiv, maskulin<\/em>\u00a0[der]<\/strong><\/p>\n\n\n\n<ol class=\"wp-block-list\"><li><strong>1a.F\u00e4higkeit, in einer gef\u00e4hrlichen, riskanten Situation seine Angst zu \u00fcberwinden; Furchtlosigkeit angesichts einer Situation, in der man Angst haben k\u00f6nnte<\/strong> &#8222;gro\u00dfer Mut&#8220;<\/li><\/ol>\n\n\n\n<p>Ist das aber wirklich alles was Mut ausmacht? Ich hege da so meine Zweifel, weil ich n\u00e4mlich zu der Annahme komme, dass hinter den drei Buchstaben irgendwie so viel mehr steckt. Mehr als wir auf den ersten Blick auf eine Situation und einen Menschen erkennen k\u00f6nnen, mehr wenn wir eventuell ein zweites Mal hinschauen.<\/p>\n\n\n\n<p>Bin ich mutig? Wenn ich mich mit einem groooo\u00dfen Schritt Abstand von au\u00dfen betrachte w\u00fcrde ich spontan &#8222;Nein&#8220; sagen. Per Definition, definitiv nicht. Ich bin also quasi im klassischen Sinn ein Hosenscheisser wie er im Buche steht.<\/p>\n\n\n\n<p>Ich traue mich zum Beispiel nicht vor vielen Menschen zu sprechen. Manchmal auch nicht vor wenigen, kommt ganz drauf an wer vor mir steht und ob ich mich im Kreis dieser Menschen wohl f\u00fchle oder nicht. Da kann es passieren, dass ich sehr gerne aus mir herauskomme und losplappere, es kann aber auch das Gegenteil passieren, wenn ich irgendwo in mir das Gef\u00fchl habe ich k\u00f6nnte mich mit dem n\u00e4chsten laut ausgesprochenen Satz so ziemlich blamieren und ich stehe da wie die gr\u00f6\u00dfte Bumsdumpfbacke&#8230; Diese Zweifel liegen meistens an mir &#8211; i know&#8230; <\/p>\n\n\n\n<p>Es gibt aber auch die Mitmenschkandidaten, die Ihr Gegen\u00fcber ganz gerne in solche Situationen man\u00f6vrieren oder sie darin auch gern belassen, ob bewusst oder unbewusst kann ich gar nicht sagen, aber sie tun es wohl um sich selbst eben ein bisschen besser zu f\u00fchlen. Hier liegt das Problem nat\u00fcrlich eindeutig bei denen &#8211; i know that too&#8230; Macht es aber f\u00fcr denjenigen, der sich in solchen Momenten entmutigt f\u00fchlt leider nicht unbedingt besser. Auch irgendwie doof oder?<\/p>\n\n\n\n<figure class=\"wp-block-image size-large\"><img loading=\"lazy\" decoding=\"async\" width=\"814\" height=\"1024\" src=\"https:\/\/bloggystyle.fotogravi.de\/wp-content\/uploads\/2022\/07\/IMG_20190922_152113-814x1024.jpg\" alt=\"\" class=\"wp-image-651\" srcset=\"https:\/\/bloggystyle.fotogravi.de\/wp-content\/uploads\/2022\/07\/IMG_20190922_152113-814x1024.jpg 814w, https:\/\/bloggystyle.fotogravi.de\/wp-content\/uploads\/2022\/07\/IMG_20190922_152113-238x300.jpg 238w, https:\/\/bloggystyle.fotogravi.de\/wp-content\/uploads\/2022\/07\/IMG_20190922_152113-768x966.jpg 768w, https:\/\/bloggystyle.fotogravi.de\/wp-content\/uploads\/2022\/07\/IMG_20190922_152113-1221x1536.jpg 1221w, https:\/\/bloggystyle.fotogravi.de\/wp-content\/uploads\/2022\/07\/IMG_20190922_152113-1627x2048.jpg 1627w, https:\/\/bloggystyle.fotogravi.de\/wp-content\/uploads\/2022\/07\/IMG_20190922_152113-scaled.jpg 2034w\" sizes=\"auto, (max-width: 814px) 100vw, 814px\" \/><\/figure>\n\n\n\n<p>Ich habe eine panische Angst im Sinne einer Phobie vor einer bestimmten Tierart. Ich war einmal sehr mutig, als ich mir diese Tiere gemeinsam mit meinem Mann in real angesehen habe. Ich w\u00fcrde es als eine Art Konfrontations-Therapie bezeichnen. Dieser mutige Moment und der Adrenalinschub dazu haben mir r\u00fcckblickend wirklich geholfen mit der Angst besser umzugehen. Mittlerweile kriege ich das soweit ganz gut hin. Die Phobie ist geblieben, die Angst diesem Tier zu begegnen ebenso. Doch trotzdem hat sich der kleine mutige Moment (der \u00fcbrigens f\u00fcr andere eine Lappalie ist) f\u00fcr mich sehr gelohnt. Und nein, ich m\u00f6chte nicht erz\u00e4hlen um welche Tiere es sich handelt, weil eventuell die M\u00f6glichkeit best\u00fcnde, das hier k\u00f6nnte irgendwie, irgendwann jemand lesen, der es nicht gut mit mir meint und man k\u00f6nnte mich damit konfrontieren&#8230; Paranoid? Schisser? So derma\u00dfen unmutig? Aber sowas von&#8230; \ud83d\ude00 <\/p>\n\n\n\n<p>An der Kasse dr\u00e4ngelt sich ein Sympathietr\u00e4ger der besonderen Art vor, mir nimmt jemand den Parkplatz weg&#8230; Situationen die jeder von uns kennt. Innerlich koche ich und schimpfe und eskaliere im ganz gro\u00dfen Stil wie eine Katze auf Baldrian&#8230; Nach au\u00dfen hin wird man nicht viel merken, denn mich laut beschweren werde ich nicht&#8230; Ja weil ich vermutlich nicht mutig genug bin&#8230;<\/p>\n\n\n\n<p>Wer mich kennt, der wei\u00df, bei mir m\u00fcssen sich Menschen sehr oft und mit Nachdruck daneben benehmen, bis mir die Hutschnur rei\u00dft und es aus mir herausplatzt. Das passiert tats\u00e4chlich sehr selten, aber es passiert, dann aber mit Anlauf und Trommelwirbel. Ich bin dann richtig schlimm angepisst, vermutlich weil ich erwarte, dass der\/diejenige doch schon lange h\u00e4tte merken m\u00fcssen, dass eine Grenze erreicht oder auch bereits \u00fcberschritten wurde. Ich tue mich dann wirklich schwer, zu verstehen was in meinem Gegen\u00fcber so abgeht und warum er\/sie es nicht schon eher gerafft hat. Ich habe aber in den letzten Jahren gelernt, dass vieles nicht immer nur b\u00f6se Absicht ist, sondern die Menschen die Grenze, meine Grenze nicht wahrnehmen oder ersp\u00fcren konnten&#8230; Ich darf wohl nicht immer von mir auf andere schlie\u00dfen und auch das f\u00e4llt mir wahrlich schwer. Vielleicht w\u00e4re es hilfreich meine Grenzen in Zukunft mutiger nach au\u00dfen hin zu zeigen&#8230; <\/p>\n\n\n\n<figure class=\"wp-block-image size-large\"><img loading=\"lazy\" decoding=\"async\" width=\"768\" height=\"1024\" src=\"https:\/\/bloggystyle.fotogravi.de\/wp-content\/uploads\/2022\/07\/IMG_20211222_103345-768x1024.jpg\" alt=\"\" class=\"wp-image-652\" srcset=\"https:\/\/bloggystyle.fotogravi.de\/wp-content\/uploads\/2022\/07\/IMG_20211222_103345-768x1024.jpg 768w, https:\/\/bloggystyle.fotogravi.de\/wp-content\/uploads\/2022\/07\/IMG_20211222_103345-225x300.jpg 225w, https:\/\/bloggystyle.fotogravi.de\/wp-content\/uploads\/2022\/07\/IMG_20211222_103345-1152x1536.jpg 1152w, https:\/\/bloggystyle.fotogravi.de\/wp-content\/uploads\/2022\/07\/IMG_20211222_103345-1536x2048.jpg 1536w, https:\/\/bloggystyle.fotogravi.de\/wp-content\/uploads\/2022\/07\/IMG_20211222_103345-scaled.jpg 1920w\" sizes=\"auto, (max-width: 768px) 100vw, 768px\" \/><\/figure>\n\n\n\n<p>Ich konnte und wollte fr\u00fcher nicht vor anderen Menschen tanzen, mich frei bewegen. Ich habe mich gesch\u00e4mt, war immer gehemmt und mir hat vermutlich auch hier wieder das Qu\u00e4ntchen Mut gefehlt. Vermutlich weil ich dachte ich bewege mich so anmutig und sch\u00f6n wie ein K\u00f6rperkevin nach 14 Kaffee mit Schuss&#8230; Versteht mich nicht falsch, mehr Mut und weniger K\u00f6rperkevin sind in den letzten 10 Jahren wohl wahrlich nicht dazugekommen, nur eine geh\u00f6rige Portion Leck-mich-am-Arsch-Gef\u00fchl, das macht es mir mittlerweile sehr viel leichter mich zu bewegen, wie ich das gerade m\u00f6chte und nach was ich mich gerade f\u00fchle&#8230; Wie das f\u00fcr andere aussieht &#8211; Puh ja keine Ahnung, ich frage nicht n\u00e4her nach &#8211; juckt mich aber auch nicht&#8230; weil, dann schaut\u00b4s halt ned hi&#8230; Ist das schon Mut? Oder ist es mir einfach egaaaaal?<\/p>\n\n\n\n<figure class=\"wp-block-image size-large\"><img loading=\"lazy\" decoding=\"async\" width=\"768\" height=\"1024\" src=\"https:\/\/bloggystyle.fotogravi.de\/wp-content\/uploads\/2022\/07\/IMG_20211231_223458-768x1024.jpg\" alt=\"\" class=\"wp-image-653\" srcset=\"https:\/\/bloggystyle.fotogravi.de\/wp-content\/uploads\/2022\/07\/IMG_20211231_223458-768x1024.jpg 768w, https:\/\/bloggystyle.fotogravi.de\/wp-content\/uploads\/2022\/07\/IMG_20211231_223458-225x300.jpg 225w, https:\/\/bloggystyle.fotogravi.de\/wp-content\/uploads\/2022\/07\/IMG_20211231_223458-1152x1536.jpg 1152w, https:\/\/bloggystyle.fotogravi.de\/wp-content\/uploads\/2022\/07\/IMG_20211231_223458-1536x2048.jpg 1536w, https:\/\/bloggystyle.fotogravi.de\/wp-content\/uploads\/2022\/07\/IMG_20211231_223458-scaled.jpg 1920w\" sizes=\"auto, (max-width: 768px) 100vw, 768px\" \/><\/figure>\n\n\n\n<p>Dann w\u00e4re da noch das Bouldern. Ich habe ja schon einmal dar\u00fcber geschrieben, wie sich das mit meiner Sturz-\/ H\u00f6henangst gestaltet. Ob ich mit diesen \u00c4ngsten dann nicht komplett fehl am Platz bin in der Kletterhalle? Nein, nat\u00fcrlich nicht, denn das Entscheidende ist nicht, dass ich Angst habe zu st\u00fcrzen, dass ich nicht bis an den Top komme, weil mir vielleicht mal wieder die Angst im Weg steht. Das wirklich Entscheidende ist, dass ich dort jede Woche wieder hingehe&#8230; Dass mich meine Angst an einen Punkt gebracht hat, wo ich jetzt nach 6 Jahren einfachere Routen mittlerweile angstfrei klettern kann. Der Mut und die Entschlossenheit es trotz allem immer wieder zu tun, es immer wieder zu versuchen, hat mir die k\u00f6rperliche Konstitution verschafft, dass ich im Vergleich zu fr\u00fcher, jetzt einfache Routen bis zum Top schaffe. Weil das Vertrauen in meine k\u00f6rperlich Kraft stimmt. Ich finde, das ist ein gutes Beispiel, dass Mut manchmal auch ganz leise und ganz im Inneren passieren kann und darf.<\/p>\n\n\n\n<p><em>Mut ist nicht immer br\u00fcllend laut. Manchmal ist es die ruhige, leise Stimme am Ende des Tages, die sagt: &#8218;Morgen versuche ich es wieder.<\/em><\/p>\n\n\n\n<p><em>&#8218;Courage doesn&#8217;t always roar. Sometimes courage is the little voice at the end of the day that says: &#8218;I&#8217;ll try again tomorrow.&#8216;<\/em><\/p>\n\n\n\n<p><em>Mary Anne Radmacher<\/em><\/p>\n\n\n\n<figure class=\"wp-block-image size-large\"><img loading=\"lazy\" decoding=\"async\" width=\"768\" height=\"1024\" src=\"https:\/\/bloggystyle.fotogravi.de\/wp-content\/uploads\/2022\/07\/IMG_20211222_103305-768x1024.jpg\" alt=\"\" class=\"wp-image-655\" srcset=\"https:\/\/bloggystyle.fotogravi.de\/wp-content\/uploads\/2022\/07\/IMG_20211222_103305-768x1024.jpg 768w, https:\/\/bloggystyle.fotogravi.de\/wp-content\/uploads\/2022\/07\/IMG_20211222_103305-225x300.jpg 225w, https:\/\/bloggystyle.fotogravi.de\/wp-content\/uploads\/2022\/07\/IMG_20211222_103305-1152x1536.jpg 1152w, https:\/\/bloggystyle.fotogravi.de\/wp-content\/uploads\/2022\/07\/IMG_20211222_103305-1536x2048.jpg 1536w, https:\/\/bloggystyle.fotogravi.de\/wp-content\/uploads\/2022\/07\/IMG_20211222_103305-scaled.jpg 1920w\" sizes=\"auto, (max-width: 768px) 100vw, 768px\" \/><\/figure>\n\n\n\n<p>Das Zitat ist so wahr und trifft es auf den Punkt.<\/p>\n\n\n\n<p>Ich m\u00f6chte n\u00e4mlich eigentlich hier die Schleife ziehen, die Punkte die ich oben genannt habe, in denen ich so oft mutlos und \u00e4ngstlich bin, zu sch\u00fcchtern, zu zur\u00fcckhaltend, sind wenn man es genau betrachtet, teils sehr oberfl\u00e4chlich und sehr offensichtlich. Nat\u00fcrlich, sie beeinhalten Mut oder eben keinen Mut&#8230; das erkennt man auf den ersten Blick, aber sie zeigen auch mit wie viel Lautst\u00e4rke und Wumms Mut so oft einhergeht. <\/p>\n\n\n\n<p>Ich stelle mir die ganze Zeit die Frage, ob Mut nicht vielleicht auch noch ganz andere Aspekte ausmachen?<\/p>\n\n\n\n<p>Wenn man n\u00e4mlich diesen besagten zweiten Blick auf den Mut wirft, so zeigt sich doch ganz deutlich, das Mut zeigen auch ganz einfach bedeuten kann Dinge zuzugeben.<\/p>\n\n\n\n<p>Der Satz &#8222;Es ist mir gerade zu viel&#8220; erfordert meiner Meinung nach sehr viel Mut. Ich finde n\u00e4mlich, dass man mit Aussprechen dieses Satzes in zweierlei Richtungen etwas bewirkt. Einmal steht hier der Mut, es laut zu sagen und vor mir selbst und meinem Gegen\u00fcber etwas zuzugeben. Und direkt dahinter steht die Umsicht und die F\u00fcrsorge f\u00fcr mich und meinen K\u00f6rper und meinen Geist &#8211; ich zeige Mut f\u00fcr meiner Selbst und ziehe eine Grenze. Ich ziehe im Gegenzug direkt dazu meinen Hut, vor jedem der das laut sagt und zugeben kann&#8230; Mut kann sein f\u00fcr andere einzustehen, er kann aber auch ganz klar bedeuten f\u00fcr Sich selbst einzustehen.<\/p>\n\n\n\n<figure class=\"wp-block-image size-large\"><img loading=\"lazy\" decoding=\"async\" width=\"768\" height=\"1024\" src=\"https:\/\/bloggystyle.fotogravi.de\/wp-content\/uploads\/2022\/07\/IMG_20220323_063221-768x1024.jpg\" alt=\"\" class=\"wp-image-656\" srcset=\"https:\/\/bloggystyle.fotogravi.de\/wp-content\/uploads\/2022\/07\/IMG_20220323_063221-768x1024.jpg 768w, https:\/\/bloggystyle.fotogravi.de\/wp-content\/uploads\/2022\/07\/IMG_20220323_063221-225x300.jpg 225w, https:\/\/bloggystyle.fotogravi.de\/wp-content\/uploads\/2022\/07\/IMG_20220323_063221-1152x1536.jpg 1152w, https:\/\/bloggystyle.fotogravi.de\/wp-content\/uploads\/2022\/07\/IMG_20220323_063221-1536x2048.jpg 1536w, https:\/\/bloggystyle.fotogravi.de\/wp-content\/uploads\/2022\/07\/IMG_20220323_063221-scaled.jpg 1920w\" sizes=\"auto, (max-width: 768px) 100vw, 768px\" \/><\/figure>\n\n\n\n<p>&#8222;Ich traue mich nicht&#8220;, auch ein Satz der auf den ersten Blick so negativ behaftet ist. Und doch zeigt er doch Mut in einer Facette, die uns vorher vielleicht nicht so bewusst war. Wer sagt denn schon gerne diesen Satz? Und doch ist er ein mutiges Zugest\u00e4ndnis an mich, ein Okay geben um mich selbst nicht innerlich zu zerfleischen und zu verurteilen. Es ist okay sich Dinge nicht zu trauen. Nach gr\u00fcndlichem Abw\u00e4gen und der M\u00f6glichkeit es vielleicht morgen, vielleicht n\u00e4chste Woche, vielleicht n\u00e4chstes Jahr oder es auch gar nicht nochmal zu versuchen, ist es v\u00f6llig okay, sich zuzugestehen, dass man sich etwas nicht traut. Es ist okay und es ist eine Art des Mutes sich in dieser Situation nicht selbst zu bel\u00fcgen&#8230; <\/p>\n\n\n\n<p>&#8222;Ich wei\u00df es nicht&#8220;&#8230; Oh wei, niemand, wirklich niemand antwortet gerne auf eine Frage (egal ob in der Arbeit oder im privaten Umfeld) mit &#8222;Ich wei\u00df es nicht&#8220;&#8230; Pufftap\u00e4ng &#8211; wer es nicht wei\u00df, hat ja wohl keine Ahnung, ist ja wohl eine hohle Nuss&#8230; Aber mal ehrlich. Ist es nicht einfach die ehrlichste Antwort auf eine Frage die ich aktuell schlicht und einfach nicht beantworten kann? Und doch tun sich so viele Menschen so unglaublich schwer mit dieser Antwort. Ja es erfordert Mut und es stellt mich im ersten Moment in ein eher doofes Licht, nur finde ich es einfach nur fair, nicht irgendeinen M\u00fcll zu erz\u00e4hlen wenn ich es ganz einfach doch nicht wei\u00df&#8230; Eine vermeintliche Schw\u00e4che annehmen, kann am Ende des Tages deine gr\u00f6\u00dfte St\u00e4rke sein.<\/p>\n\n\n\n<figure class=\"wp-block-image size-large\"><img loading=\"lazy\" decoding=\"async\" width=\"768\" height=\"1024\" src=\"https:\/\/bloggystyle.fotogravi.de\/wp-content\/uploads\/2022\/07\/IMG_20211107_113132-768x1024.jpg\" alt=\"\" class=\"wp-image-657\" srcset=\"https:\/\/bloggystyle.fotogravi.de\/wp-content\/uploads\/2022\/07\/IMG_20211107_113132-768x1024.jpg 768w, https:\/\/bloggystyle.fotogravi.de\/wp-content\/uploads\/2022\/07\/IMG_20211107_113132-225x300.jpg 225w, https:\/\/bloggystyle.fotogravi.de\/wp-content\/uploads\/2022\/07\/IMG_20211107_113132-1152x1536.jpg 1152w, https:\/\/bloggystyle.fotogravi.de\/wp-content\/uploads\/2022\/07\/IMG_20211107_113132-1536x2048.jpg 1536w, https:\/\/bloggystyle.fotogravi.de\/wp-content\/uploads\/2022\/07\/IMG_20211107_113132-scaled.jpg 1920w\" sizes=\"auto, (max-width: 768px) 100vw, 768px\" \/><\/figure>\n\n\n\n<p>Seine St\u00e4rken und Schw\u00e4chen erkennen und sie auch annehmen, z\u00e4hlen f\u00fcr mich mit zu den tollsten St\u00e4rken die man haben kann. Denn das hinschauen kann manchmal ganz sch\u00f6n unangenehm sein, Dinge anzunehmen, anzunehmen, dass man nicht perfekt ist, dass niemand perfekt ist und perfekt sein kann.<\/p>\n\n\n\n<p>Ich hoffe dieser Blogbeitrag ist mit all seinen Irrungen und Wirrungen nicht zu verwirrend geworden. Mir war es ein Anliegen \u00fcber das gro\u00dfe Wort &#8222;Mut&#8220; zu schreiben und zum Thema Mut einmal genauer hinzuschauen. Und ich stellte fest, dass dieser &#8222;gro\u00dfe Mut&#8220; nicht immer so gro\u00df und laut und auffallend sein muss. Ich konnte lernen, dass es manchmal so gut und wichtig ist einen Schritt vollen Mutes nach vorne zu gehen, es aber genauso wichtig ist dabei immer umsichtig zu bleiben und genau zu beobachten was mein Schritt im Nachgang mit sich zieht. <\/p>\n\n\n\n<p>Mut ist f\u00fcr mich auch sich anderen anzunehmen, auf Sie zu achten, jeden Menschen zu achten, jedes Tier und jedes Lebewesen, auf mich selbst zu achten, meine Grenzen und die meiner Mitmenschen zu anzunehmen und zu akzeptieren oder es zumindest zu versuchen. <\/p>\n\n\n\n<p>Mutig sind f\u00fcr mich all die Menschen, die jeden Tag einen kleinen Schritt tun, der vielleicht f\u00fcr diesen einen Menschen gerade die Welt bedeutet. Vergesst nicht, es macht es nicht weniger mutig, nur weil es f\u00fcr andere vielleicht ein kleiner Schritt ist. <\/p>\n\n\n\n<p>Das Individuum z\u00e4hlt, und in jedem Individuum, in jedem von uns steckt so viel Mut, Angst, Umsicht, Achtsamkeit, Zuversicht und nicht zuletzt Liebe&#8230;<\/p>\n\n\n\n<p><em>Ganz und gar man selbst zu sein, kann schon einigen Mut erfordern.<\/em><\/p>\n\n\n\n<p><em>Sophia Loren <\/em><\/p>\n\n\n\n<p>In diesem Sinne wie immer&#8230; <\/p>\n\n\n\n<p>Sei dankbar, zufrieden und gl\u00fccklich. <\/p>\n\n\n\n<p>Du hast alles was es zum Gl\u00fccklichsein braucht.<\/p>\n\n\n\n<p>Eure Steffi von Bloggystyle<\/p>\n\n\n\n<figure class=\"wp-block-image size-large\"><img loading=\"lazy\" decoding=\"async\" width=\"768\" height=\"1024\" src=\"https:\/\/bloggystyle.fotogravi.de\/wp-content\/uploads\/2022\/07\/PXL_20220519_175516942.PORTRAIT-768x1024.jpg\" alt=\"\" class=\"wp-image-658\" srcset=\"https:\/\/bloggystyle.fotogravi.de\/wp-content\/uploads\/2022\/07\/PXL_20220519_175516942.PORTRAIT-768x1024.jpg 768w, https:\/\/bloggystyle.fotogravi.de\/wp-content\/uploads\/2022\/07\/PXL_20220519_175516942.PORTRAIT-225x300.jpg 225w, https:\/\/bloggystyle.fotogravi.de\/wp-content\/uploads\/2022\/07\/PXL_20220519_175516942.PORTRAIT-1152x1536.jpg 1152w, https:\/\/bloggystyle.fotogravi.de\/wp-content\/uploads\/2022\/07\/PXL_20220519_175516942.PORTRAIT-1536x2048.jpg 1536w, https:\/\/bloggystyle.fotogravi.de\/wp-content\/uploads\/2022\/07\/PXL_20220519_175516942.PORTRAIT-scaled.jpg 1920w\" sizes=\"auto, (max-width: 768px) 100vw, 768px\" \/><\/figure>\n\n\n\n<p><\/p>\n","protected":false},"excerpt":{"rendered":"<p>Was ist Mut? Gibt es eine Definition von Mut? Hat Mut eventuell mehr Facetten als wir bisher dachten? Oxford Languages hat dazu folgende Definition in der Pipeline (die haben wenigstens etwas in der Pipeline &#8211; ha ha) Mut Substantiv, maskulin\u00a0[der] 1a.F\u00e4higkeit, in einer gef\u00e4hrlichen, riskanten Situation seine Angst zu \u00fcberwinden; Furchtlosigkeit angesichts einer Situation, in der man Angst haben k\u00f6nnte &#8222;gro\u00dfer Mut&#8220; Ist das aber wirklich alles was Mut ausmacht? Ich hege da so meine Zweifel, weil ich n\u00e4mlich zu [&hellip;]<\/p>\n","protected":false},"author":2,"featured_media":649,"comment_status":"open","ping_status":"open","sticky":false,"template":"","format":"standard","meta":{"jetpack_post_was_ever_published":false,"_jetpack_newsletter_access":"","_jetpack_dont_email_post_to_subs":false,"_jetpack_newsletter_tier_id":0,"_jetpack_memberships_contains_paywalled_content":false,"_jetpack_memberships_contains_paid_content":false,"footnotes":"","jetpack_publicize_message":"","jetpack_publicize_feature_enabled":true,"jetpack_social_post_already_shared":true,"jetpack_social_options":{"image_generator_settings":{"template":"highway","default_image_id":0,"font":"","enabled":false},"version":2}},"categories":[4,7],"tags":[],"class_list":["post-648","post","type-post","status-publish","format-standard","has-post-thumbnail","hentry","category-aus-dem-leben","category-neues-aus-dem-gedankenzirkus"],"jetpack_publicize_connections":[],"jetpack_featured_media_url":"https:\/\/bloggystyle.fotogravi.de\/wp-content\/uploads\/2022\/07\/IMG_20220322_165523-scaled.jpg","jetpack_sharing_enabled":true,"jetpack_shortlink":"https:\/\/wp.me\/p92MGu-as","_links":{"self":[{"href":"https:\/\/bloggystyle.fotogravi.de\/index.php\/wp-json\/wp\/v2\/posts\/648","targetHints":{"allow":["GET"]}}],"collection":[{"href":"https:\/\/bloggystyle.fotogravi.de\/index.php\/wp-json\/wp\/v2\/posts"}],"about":[{"href":"https:\/\/bloggystyle.fotogravi.de\/index.php\/wp-json\/wp\/v2\/types\/post"}],"author":[{"embeddable":true,"href":"https:\/\/bloggystyle.fotogravi.de\/index.php\/wp-json\/wp\/v2\/users\/2"}],"replies":[{"embeddable":true,"href":"https:\/\/bloggystyle.fotogravi.de\/index.php\/wp-json\/wp\/v2\/comments?post=648"}],"version-history":[{"count":3,"href":"https:\/\/bloggystyle.fotogravi.de\/index.php\/wp-json\/wp\/v2\/posts\/648\/revisions"}],"predecessor-version":[{"id":660,"href":"https:\/\/bloggystyle.fotogravi.de\/index.php\/wp-json\/wp\/v2\/posts\/648\/revisions\/660"}],"wp:featuredmedia":[{"embeddable":true,"href":"https:\/\/bloggystyle.fotogravi.de\/index.php\/wp-json\/wp\/v2\/media\/649"}],"wp:attachment":[{"href":"https:\/\/bloggystyle.fotogravi.de\/index.php\/wp-json\/wp\/v2\/media?parent=648"}],"wp:term":[{"taxonomy":"category","embeddable":true,"href":"https:\/\/bloggystyle.fotogravi.de\/index.php\/wp-json\/wp\/v2\/categories?post=648"},{"taxonomy":"post_tag","embeddable":true,"href":"https:\/\/bloggystyle.fotogravi.de\/index.php\/wp-json\/wp\/v2\/tags?post=648"}],"curies":[{"name":"wp","href":"https:\/\/api.w.org\/{rel}","templated":true}]}}