{"id":561,"date":"2020-11-11T14:28:17","date_gmt":"2020-11-11T13:28:17","guid":{"rendered":"http:\/\/bloggystyle.fotogravi.de\/?p=561"},"modified":"2020-11-11T14:49:35","modified_gmt":"2020-11-11T13:49:35","slug":"der-weg-in-eine-andere-welt","status":"publish","type":"post","link":"https:\/\/bloggystyle.fotogravi.de\/index.php\/der-weg-in-eine-andere-welt\/","title":{"rendered":"Der Weg in eine andere Welt&#8230;"},"content":{"rendered":"\n<h4 class=\"has-text-align-center wp-block-heading\">Der Weg in eine andere Welt&#8230; <\/h4>\n\n\n\n<p class=\"has-text-align-center\"><em>&#8222;Deine Spur f\u00fchrt in unser Herz.&#8220;<\/em><\/p>\n\n\n\n<p>Ihr wisst, ich scheue mich nicht davor \u00fcber sehr pers\u00f6nliche und intime Themen zu schreiben.  Doch dieser Blogartikel f\u00e4llt mir wirklich nicht leicht, und dennoch ist es mir ein gro\u00dfes Anliegen aus meinem Herzen und meiner Seele das alles herauszuschreiben. <\/p>\n\n\n\n<p>Dieses Jahr stellt uns vor viele Herausforderungen. Und dennoch wussten wir wohl kaum, was uns wirklich dieses Jahr erwarten w\u00fcrde. <\/p>\n\n\n\n<p class=\"has-text-align-center\">Abschied. <\/p>\n\n\n\n<p>Ich wei\u00df es ist ein schweres, weniger erheiterndes Thema und ich habe volles Verst\u00e4ndnis, wenn man sich der Thematik nicht n\u00e4hern m\u00f6chte. <\/p>\n\n\n\n<p class=\"has-text-align-center\">Wir mussten Abschied nehmen.  <\/p>\n\n\n\n<p class=\"has-text-align-center\">Abschied von einem f\u00fcrsorglichen und liebenden Ehemann und Papa\u2026  <\/p>\n\n\n\n<p class=\"has-text-align-center\">&#8230; einem liebenswerten und hilfsbereiten Schwiegerpapa\u2026 <\/p>\n\n\n\n<p class=\"has-text-align-center\">und einem loyalen und zuverl\u00e4ssigen Freund\u2026 <\/p>\n\n\n\n<p>F\u00fcr uns brachen Ende August drei Wochen an, die uns alle in allen Facetten ber\u00fchrt, gefordert und bewegt haben. In einer Art und Weise, wie es nur sehr schwer zu beschreiben ist. Ich versuche es trotzdem\u2026 <\/p>\n\n\n\n<p class=\"has-text-align-center\"><em>\u201eTrauern ist liebevolles Erinnern.\u201c <\/em><\/p>\n\n\n\n<p>Mein Papa bekam vor 14 Jahren eine Krebsdiagnose. Ein Schock und dennoch in der schlechten Nachricht die gute Nachricht, dass diese Krebsart sehr langsam w\u00e4chst und gut in Zaum zu halten ist.  14 Jahre voll Hoffnung, H\u00f6hen und Tiefen, Angst und Sorgen und am Ende blieb immer wieder die Hoffnung.  14 gute Jahre, 14 Jahre in denen so viel Sch\u00f6nes geschehen ist, 14 Jahre voller Liebe. Er konnte mit meiner Mama noch ihr 40 j\u00e4hriges Ehejubil\u00e4um feiern. Er konnte seine beiden M\u00e4dels zum Traualtar f\u00fchren, was f\u00fcr ein Geschenk, was f\u00fcr eine wundervolle und unvergessene Erinnerung an diese Tage.  <\/p>\n\n\n\n<p>Und dennoch kam Ende August dieses Jahres die unausweichliche Situation, dass mein Papa ins Krankenhaus kam und die \u00c4rztin uns an einem Dienstagnachmittag mitteilte, dass es keinerlei Behandlungsm\u00f6glichkeiten oder Aussicht auf Besserung mehr gibt. In welches seelische Tief und welche dunkle Panik man in so einem Moment f\u00e4llt muss ich denke ich nicht erkl\u00e4ren. Ab diesem Tag hie\u00df es den Weg, die verbleibende Zeit, jedem noch so kleinen Moment so viel Leben und Liebe zu geben wie man nur irgendwie kann\u2026 und dennoch wei\u00dft Du ganz genau, die Zeit wird niemals reichen, weil es nun mal immer zu fr\u00fch ist. <\/p>\n\n\n\n<p>Mein Papa war ein Mensch, der immer sehr offen mit seiner Erkrankung umging, er konnte dar\u00fcber gut sprechen und er hat seine Krankheit in einer Weise angenommen und das Beste aus allem gemacht, f\u00fcr die ich ihn nur zutiefst bewundern kann. Er war ein K\u00e4mpfer, so konnte ihn nicht einmal der Herzstillstand 2018 aus dem Leben rei\u00dfen. Und dennoch, auch als er selbst erfuhr, dass er sich auf seine letzte Reise machen wird, war er so stark, so friedvoll in seiner Mitte und er hat uns in dieser Zeit noch so viel Kraft und Zuversicht mit auf den Weg gegeben\u2026  <\/p>\n\n\n\n<p>\u201eDu warst jemand, der immer mit helfendem Rat zur Seite stand, zu jeder Tages- und Nachtzeit war auf Dich Verlass. Ich empfinde es immer noch als ein gro\u00dfes Geschenk, einen Papa wie Dich an meiner Seite gehabt zu haben. Du hast uns eine Kindheit und Jugend geschenkt, die uns rundherum gl\u00fccklich sein lie\u00df, ein Haus in dem wir stets beh\u00fctet aufwachsen durften und auch mit unseren Partnern an unserer Seite warst Du immer f\u00fcr uns alle da. Du stelltest Deine Belange f\u00fcr Deine Frau, Deine Kinder und auch Deine Schwiegerkinder immer hinten an und ich konnte in jeder Lebensphase die Liebe sp\u00fcren die uns durch Dich geschenkt wurde. Mit Dir gab es immer etwas zu Lachen und wenn ich an Deine Liebe zu Toby unserem Fellkind, Deinem \u201eStopsel\u201c denke, laufen wieder die Tr\u00e4nen\u2026 \u201e <\/p>\n\n\n\n<p>.<\/p>\n\n\n\n<div class=\"wp-block-group\"><div class=\"wp-block-group__inner-container is-layout-flow wp-block-group-is-layout-flow\">\n<div class=\"wp-block-image\"><figure class=\"aligncenter\"><img loading=\"lazy\" decoding=\"async\" width=\"1024\" height=\"768\" src=\"http:\/\/bloggystyle.fotogravi.de\/wp-content\/uploads\/2020\/11\/G0010608-1024x768.jpg\" alt=\"\" class=\"wp-image-563\" srcset=\"https:\/\/bloggystyle.fotogravi.de\/wp-content\/uploads\/2020\/11\/G0010608-1024x768.jpg 1024w, https:\/\/bloggystyle.fotogravi.de\/wp-content\/uploads\/2020\/11\/G0010608-300x225.jpg 300w, https:\/\/bloggystyle.fotogravi.de\/wp-content\/uploads\/2020\/11\/G0010608-768x576.jpg 768w, https:\/\/bloggystyle.fotogravi.de\/wp-content\/uploads\/2020\/11\/G0010608-1536x1152.jpg 1536w, https:\/\/bloggystyle.fotogravi.de\/wp-content\/uploads\/2020\/11\/G0010608-2048x1536.jpg 2048w, https:\/\/bloggystyle.fotogravi.de\/wp-content\/uploads\/2020\/11\/G0010608-370x278.jpg 370w, https:\/\/bloggystyle.fotogravi.de\/wp-content\/uploads\/2020\/11\/G0010608-1040x780.jpg 1040w\" sizes=\"auto, (max-width: 1024px) 100vw, 1024px\" \/><figcaption>DCIM\\100GOPRO\\G0010608.<\/figcaption><\/figure><\/div>\n<\/div><\/div>\n\n\n\n<p>Gott sei Dank gelten auf den Palliativstationen andere Besuchsregeln und so konnten wir Ihn jeden Tag dort f\u00fcr mehrere Stunden besuchen. Durch einen Tipp einer sehr lieben Krankenpflegerin durfte ihn sogar Toby nochmal im Zimmer besuchen. Dieser Besuch war f\u00fcr Beide denke ich sehr wichtig. Zu sehen und zu sp\u00fcren wie ein geliebter Mensch Tag f\u00fcr Tag schw\u00e4cher wird und das Lebenslicht in Ihm ganz langsam weniger wird, gibt Dir ein Gef\u00fchl von so viel Traurigkeit und Verzweiflung. Man m\u00f6chte das Unaufhaltbare aufhalten, die Schwerkraft umkehren und am liebsten den Mond zur Erde holen und dennoch bleibt es was es ist &#8211; unaufhaltbar. Jeden Tag und jede Stunde, die wir bei Ihm waren versuchten wir zu nutzen, zu sprechen oder auch gemeinsam zu schweigen, einfach gemeinsam \u201eda\u201c zu sein. <\/p>\n\n\n\n<p>.<\/p>\n\n\n\n<figure class=\"wp-block-gallery aligncenter columns-1 is-cropped wp-block-gallery-1 is-layout-flex wp-block-gallery-is-layout-flex\"><ul class=\"blocks-gallery-grid\"><li class=\"blocks-gallery-item\"><figure><img loading=\"lazy\" decoding=\"async\" width=\"765\" height=\"1024\" src=\"http:\/\/bloggystyle.fotogravi.de\/wp-content\/uploads\/2020\/11\/baum-765x1024.jpg\" alt=\"\" data-id=\"564\" data-full-url=\"http:\/\/bloggystyle.fotogravi.de\/wp-content\/uploads\/2020\/11\/baum.jpg\" data-link=\"http:\/\/bloggystyle.fotogravi.de\/?attachment_id=564\" class=\"wp-image-564\" srcset=\"https:\/\/bloggystyle.fotogravi.de\/wp-content\/uploads\/2020\/11\/baum-765x1024.jpg 765w, https:\/\/bloggystyle.fotogravi.de\/wp-content\/uploads\/2020\/11\/baum-224x300.jpg 224w, https:\/\/bloggystyle.fotogravi.de\/wp-content\/uploads\/2020\/11\/baum-768x1028.jpg 768w, https:\/\/bloggystyle.fotogravi.de\/wp-content\/uploads\/2020\/11\/baum-370x495.jpg 370w, https:\/\/bloggystyle.fotogravi.de\/wp-content\/uploads\/2020\/11\/baum-1040x1392.jpg 1040w, https:\/\/bloggystyle.fotogravi.de\/wp-content\/uploads\/2020\/11\/baum.jpg 1076w\" sizes=\"auto, (max-width: 765px) 100vw, 765px\" \/><\/figure><\/li><\/ul><\/figure>\n\n\n\n<p>Der Weg vom Eingang des Krankenhauses auf diese Station war jeden Tag wieder schwer und \u00e4ngstigend, und doch wurden wir jeden Tag dort auf der Palliativstation mit so viel W\u00e4rme, Herzlichkeit und F\u00fcrsorge empfangen, die uns die Zeit dort so viel besser und durchhaltbarer gemacht hat.  Dort in diesen R\u00e4umen ist alles anders, dort arbeiten Menschen die nicht ihren Beruf verrichten, dort arbeiten Menschen die dort ihrer Berufung nachgehen, so haben wir es zumindest empfunden. Das friedvolle Ambiente, das Annehmen dessen was kommt und die herzlichen, liebevollen und hilfsbereiten Menschen auf dieser Station, reichten uns die H\u00e4nde und schlugen eine Br\u00fccke f\u00fcr uns, sodass wir uns gemeinsam trauen durften, diesen letzten Weg in Liebe und Frieden mit unserem Papa zu gehen. Wir durften dort lernen, dass in Ordnung ist was kommt und dass hier Menschen in W\u00fcrde, Frieden und Ruhe in die andere Welt gehen d\u00fcrfen. Man achtet auf viele Zeichen, man sieht sehr genau hin und an manchen Tagen war es f\u00fcr uns fast sp\u00fcrbar, dass Papa zu einem Teil schon wo anders ist, dass der Weg begonnen hat\u2026  Und f\u00fcr viele mag das skurril klingen, aber es war in keiner Weise be\u00e4ngstigend, im Gegenteil, es war zu sp\u00fcren, dass etwas im Gange ist, dass etwas anders ist, aber \u201egut\u201c anders, das etwas kommen wird\u2026  <\/p>\n\n\n\n<p>.<\/p>\n\n\n\n<figure class=\"wp-block-gallery aligncenter columns-1 is-cropped wp-block-gallery-2 is-layout-flex wp-block-gallery-is-layout-flex\"><ul class=\"blocks-gallery-grid\"><li class=\"blocks-gallery-item\"><figure><img loading=\"lazy\" decoding=\"async\" width=\"1024\" height=\"667\" src=\"http:\/\/bloggystyle.fotogravi.de\/wp-content\/uploads\/2020\/11\/sauerklee-1024x667.jpg\" alt=\"\" data-id=\"565\" data-full-url=\"http:\/\/bloggystyle.fotogravi.de\/wp-content\/uploads\/2020\/11\/sauerklee.jpg\" data-link=\"http:\/\/bloggystyle.fotogravi.de\/?attachment_id=565\" class=\"wp-image-565\" srcset=\"https:\/\/bloggystyle.fotogravi.de\/wp-content\/uploads\/2020\/11\/sauerklee-1024x667.jpg 1024w, https:\/\/bloggystyle.fotogravi.de\/wp-content\/uploads\/2020\/11\/sauerklee-300x195.jpg 300w, https:\/\/bloggystyle.fotogravi.de\/wp-content\/uploads\/2020\/11\/sauerklee-768x500.jpg 768w, https:\/\/bloggystyle.fotogravi.de\/wp-content\/uploads\/2020\/11\/sauerklee-1536x1000.jpg 1536w, https:\/\/bloggystyle.fotogravi.de\/wp-content\/uploads\/2020\/11\/sauerklee-370x241.jpg 370w, https:\/\/bloggystyle.fotogravi.de\/wp-content\/uploads\/2020\/11\/sauerklee-1040x677.jpg 1040w, https:\/\/bloggystyle.fotogravi.de\/wp-content\/uploads\/2020\/11\/sauerklee.jpg 1659w\" sizes=\"auto, (max-width: 1024px) 100vw, 1024px\" \/><\/figure><\/li><\/ul><\/figure>\n\n\n\n<p>Am letzten Tag, am 8. September 2020 kamen wir in sein Zimmer und meine Mama wusste, dass der Zeitpunkt f\u00fcr eine Krankensalbung gekommen war. So kam der Pfarrer und gestaltete eine unglaublich liebevolle Zeremonie f\u00fcr Papa und auch f\u00fcr uns. Wir konnten uns in diesem Rahmen nochmal verabschieden und ihm sagen, dass es f\u00fcr uns okay ist\u2026  Und es ist gerade so schmerzhaft dar\u00fcber zu schreiben und mich daran zur\u00fcckzuerinnern.  <\/p>\n\n\n\n<p>An diesem Tag schloss sich ein Kreis\u2026 und zwei Stunden sp\u00e4ter ging mein Papa ganz friedlich in eine andere Welt hin\u00fcber.  <\/p>\n\n\n\n<p class=\"has-text-align-center\"><em>\u201eWenn die Kraft zu Ende geht, ist Erl\u00f6sung Gnade\u2026\u201c <\/em><\/p>\n\n\n\n<p>\u201eIch bin zutiefst dankbar, dass uns diese Zeit mit Dir geschenkt wurde. Dass wir diesen Weg mit Dir in vollem Bewusstsein, in vollem Schmerz und in g\u00e4nzlicher Dankbarkeit bis zuletzt an Deiner Seite gehen durften. Du sagtest immer \u201eHadere nicht\u2026\u201c Das versuchen wir, wir versuchen nicht zu hadern, warum so fr\u00fch?  Wir versuchen in Dankbarkeit auf all die sch\u00f6nen und kostbaren Jahre zur\u00fcckzublicken. All die Erinnerungen und Momente die uns mit Dir geschenkt wurden und die auf ewig in unseren Herzen sein werden\u2026\u201c <\/p>\n\n\n\n<p class=\"has-text-align-center\"><em>\u201eUnd wenn ein Sonnenstrahl durch die Wolken bricht, wei\u00df ich ganz genau, dass Du das bist\u2026\u201c (Jan und Jascha) <\/em><\/p>\n\n\n\n<p>oder ein Regenbogen am Himmel erscheint, dann kann ich manchmal f\u00f6rmlich sp\u00fcren, dass Er das gerade ist und hier irgendwo in meiner N\u00e4he ist. <\/p>\n\n\n\n<p>.<\/p>\n\n\n\n<figure class=\"wp-block-gallery aligncenter columns-1 is-cropped wp-block-gallery-3 is-layout-flex wp-block-gallery-is-layout-flex\"><ul class=\"blocks-gallery-grid\"><li class=\"blocks-gallery-item\"><figure><img loading=\"lazy\" decoding=\"async\" width=\"975\" height=\"1024\" src=\"http:\/\/bloggystyle.fotogravi.de\/wp-content\/uploads\/2020\/11\/IMG_20190920_202329-975x1024.jpg\" alt=\"\" data-id=\"579\" data-full-url=\"http:\/\/bloggystyle.fotogravi.de\/wp-content\/uploads\/2020\/11\/IMG_20190920_202329-scaled.jpg\" data-link=\"http:\/\/bloggystyle.fotogravi.de\/?attachment_id=579\" class=\"wp-image-579\" srcset=\"https:\/\/bloggystyle.fotogravi.de\/wp-content\/uploads\/2020\/11\/IMG_20190920_202329-975x1024.jpg 975w, https:\/\/bloggystyle.fotogravi.de\/wp-content\/uploads\/2020\/11\/IMG_20190920_202329-286x300.jpg 286w, https:\/\/bloggystyle.fotogravi.de\/wp-content\/uploads\/2020\/11\/IMG_20190920_202329-768x807.jpg 768w, https:\/\/bloggystyle.fotogravi.de\/wp-content\/uploads\/2020\/11\/IMG_20190920_202329-1462x1536.jpg 1462w, https:\/\/bloggystyle.fotogravi.de\/wp-content\/uploads\/2020\/11\/IMG_20190920_202329-1950x2048.jpg 1950w, https:\/\/bloggystyle.fotogravi.de\/wp-content\/uploads\/2020\/11\/IMG_20190920_202329-370x389.jpg 370w, https:\/\/bloggystyle.fotogravi.de\/wp-content\/uploads\/2020\/11\/IMG_20190920_202329-1040x1092.jpg 1040w\" sizes=\"auto, (max-width: 975px) 100vw, 975px\" \/><\/figure><\/li><\/ul><\/figure>\n\n\n\n<p>Ich m\u00f6chte meinem Mann \u201eDanke\u201c sagen, Danke, dass Du Tag und Nacht an meiner Seite bist und warst.  Danke, dass wir uns gegenseitig so viel Liebe und Halt schenken und Danke, dass auch Du den Weg mit Deinem Schwiegerpapa bis zuletzt gegangen bist. F\u00fcr alle Deine lieben Worte und Taten und Dein bei mir sein in dieser traurigen Zeit und dass Du mich liebst so wie ich bin! <\/p>\n\n\n\n<p>Und ich m\u00f6chte unseren Dank der Palliativstation der Barmherzigen Br\u00fcder in Regensburg aussprechen. So be\u00e4ngstigend der Gedanke f\u00fcr uns vorher an eine Palliativstation war, so wurden wir in diesen 2 Wochen eines Besseren belehrt. Wir haben dort Menschen getroffen, Pfleger, Geistliche, Praktikanten, die uns jeden neuen Tag mit so viel Optimismus, Herzlichkeit und Hilfsbereitschaft die T\u00fcren ge\u00f6ffnet haben. Man muss einfach einmal festhalten, dass es kein Job wie jeder andere ist, dort zu arbeiten. Ihr erm\u00f6glicht Menschen einen letzten Lebensweg in Begleitung ihrer Familien, den ich gut und gerne als unendlich liebevoll und friedlich bezeichnen m\u00f6chte. Ihr nehmt ein St\u00fcck weit die Angst vor dem gro\u00dfen dunklen Kapitel, dem Tod, ihr habt eine Leichtigkeit mit den Situationen umzugehen und ein Feingef\u00fchl, sowohl f\u00fcr Eure Patienten als auch f\u00fcr die Angeh\u00f6rigen.  Ich konnte nur staunen, wenn ich mir angesehen habe was Ihr tagt\u00e4glich leistet, und mit welcher Freude und Hingabe ihr es tut. Ihr habt meinen allergr\u00f6\u00dften Respekt und ich werde Euch f\u00fcr immer dankbar sein, in welcher Form wir in Eurer Obhut Abschied nehmen durften. So schlimm es ist und war, so wenig m\u00f6chte ich diese Erfahrung und diesen Weg missen\u2026  <\/p>\n\n\n\n<p class=\"has-text-align-center\">Von Herzen Danke! <\/p>\n\n\n\n<p>&#8222;Ja was soll ich noch sagen, es bleibt eine L\u00fccke, die mit nichts zu f\u00fcllen ist\u2026 Es bleibt das schreckliche Vermissen, der Schmerz im Herzen wenn ich mir Bilder von Dir ansehe, Dich immerzu zu sehen und doch nicht zu sehen, die Sehnsucht Dich in den Arm zu nehmen, Deine Stimme zu h\u00f6ren und dir wieder und wieder zu sagen wie gern ich Dich habe\u2026 Ich sage es Dir ganz oft und ich wei\u00df auch, du h\u00f6rst es\u2026&#8220;  <\/p>\n\n\n\n<p>.<\/p>\n\n\n\n<figure class=\"wp-block-gallery aligncenter columns-1 is-cropped wp-block-gallery-4 is-layout-flex wp-block-gallery-is-layout-flex\"><ul class=\"blocks-gallery-grid\"><li class=\"blocks-gallery-item\"><figure><img loading=\"lazy\" decoding=\"async\" width=\"763\" height=\"1024\" src=\"http:\/\/bloggystyle.fotogravi.de\/wp-content\/uploads\/2020\/11\/Papa-1-763x1024.jpg\" alt=\"\" data-id=\"581\" data-full-url=\"http:\/\/bloggystyle.fotogravi.de\/wp-content\/uploads\/2020\/11\/Papa-1.jpg\" data-link=\"http:\/\/bloggystyle.fotogravi.de\/?attachment_id=581\" class=\"wp-image-581\" srcset=\"https:\/\/bloggystyle.fotogravi.de\/wp-content\/uploads\/2020\/11\/Papa-1-763x1024.jpg 763w, https:\/\/bloggystyle.fotogravi.de\/wp-content\/uploads\/2020\/11\/Papa-1-224x300.jpg 224w, https:\/\/bloggystyle.fotogravi.de\/wp-content\/uploads\/2020\/11\/Papa-1-768x1030.jpg 768w, https:\/\/bloggystyle.fotogravi.de\/wp-content\/uploads\/2020\/11\/Papa-1-1145x1536.jpg 1145w, https:\/\/bloggystyle.fotogravi.de\/wp-content\/uploads\/2020\/11\/Papa-1-370x496.jpg 370w, https:\/\/bloggystyle.fotogravi.de\/wp-content\/uploads\/2020\/11\/Papa-1-1040x1395.jpg 1040w, https:\/\/bloggystyle.fotogravi.de\/wp-content\/uploads\/2020\/11\/Papa-1.jpg 1177w\" sizes=\"auto, (max-width: 763px) 100vw, 763px\" \/><\/figure><\/li><\/ul><\/figure>\n\n\n\n<p class=\"has-text-align-center\"><em>\u201eDu bist nicht mehr dort, wo du warst. Aber du bist \u00fcberall, wo wir sind.\u201c Victor Hugo <\/em><\/p>\n\n\n\n<p class=\"has-text-align-center\"><em>\u201eMir fehlen deine Worte Dein gut gemeinter Rat, Deine Hand auf meiner Schulter die mich festgehalten hat. Dein Blick durch meine Schale, hast gesp\u00fcrt, was mich bewegt. Ich konnt mich nie verlaufen Du kanntest meinen Weg\u201c <\/em><\/p>\n\n\n\n<p class=\"has-text-align-center\"><em>\u201eIch w\u00fcnsch Dir gute Reise wohin es Dich auch tr\u00e4gt, die Welt wird etwas leiser der Wind h\u00f6rt auf zu wehen. Ich seh zu Dir nach oben und ruf, so laut ich kann Du wei\u00dft, Du wirst mir fehlen mein ganzes Leben lang. Ich w\u00fcnsch Dir gute Reise ich hoffe, Du kommst an\u2026\u201c  <\/em><\/p>\n\n\n\n<p class=\"has-text-align-center\"><em>(Jan und Jascha)<\/em> <\/p>\n\n\n\n<p>.<\/p>\n\n\n\n<figure class=\"wp-block-gallery aligncenter columns-1 is-cropped wp-block-gallery-5 is-layout-flex wp-block-gallery-is-layout-flex\"><ul class=\"blocks-gallery-grid\"><li class=\"blocks-gallery-item\"><figure><img loading=\"lazy\" decoding=\"async\" width=\"768\" height=\"1024\" src=\"http:\/\/bloggystyle.fotogravi.de\/wp-content\/uploads\/2020\/11\/IMG_20190919_100550-2-768x1024.jpg\" alt=\"\" data-id=\"582\" data-full-url=\"http:\/\/bloggystyle.fotogravi.de\/wp-content\/uploads\/2020\/11\/IMG_20190919_100550-2-scaled.jpg\" data-link=\"http:\/\/bloggystyle.fotogravi.de\/?attachment_id=582\" class=\"wp-image-582\" srcset=\"https:\/\/bloggystyle.fotogravi.de\/wp-content\/uploads\/2020\/11\/IMG_20190919_100550-2-768x1024.jpg 768w, https:\/\/bloggystyle.fotogravi.de\/wp-content\/uploads\/2020\/11\/IMG_20190919_100550-2-225x300.jpg 225w, https:\/\/bloggystyle.fotogravi.de\/wp-content\/uploads\/2020\/11\/IMG_20190919_100550-2-1152x1536.jpg 1152w, https:\/\/bloggystyle.fotogravi.de\/wp-content\/uploads\/2020\/11\/IMG_20190919_100550-2-1536x2048.jpg 1536w, https:\/\/bloggystyle.fotogravi.de\/wp-content\/uploads\/2020\/11\/IMG_20190919_100550-2-370x493.jpg 370w, https:\/\/bloggystyle.fotogravi.de\/wp-content\/uploads\/2020\/11\/IMG_20190919_100550-2-1040x1387.jpg 1040w, https:\/\/bloggystyle.fotogravi.de\/wp-content\/uploads\/2020\/11\/IMG_20190919_100550-2-scaled.jpg 1920w\" sizes=\"auto, (max-width: 768px) 100vw, 768px\" \/><\/figure><\/li><\/ul><\/figure>\n\n\n\n<p><\/p>\n\n\n\n<p class=\"has-text-align-center\">In diesem Sinne, Ihr Lieben\u2026  <\/p>\n\n\n\n<p class=\"has-text-align-center\">Danke f\u00fcrs Lesen<\/p>\n\n\n\n<p class=\"has-text-align-center\">Eure Steffi <\/p>\n","protected":false},"excerpt":{"rendered":"<p>Der Weg in eine andere Welt&#8230; &#8222;Deine Spur f\u00fchrt in unser Herz.&#8220; Ihr wisst, ich scheue mich nicht davor \u00fcber sehr pers\u00f6nliche und intime Themen zu schreiben. Doch dieser Blogartikel f\u00e4llt mir wirklich nicht leicht, und dennoch ist es mir ein gro\u00dfes Anliegen aus meinem Herzen und meiner Seele das alles herauszuschreiben. Dieses Jahr stellt uns vor viele Herausforderungen. Und dennoch wussten wir wohl kaum, was uns wirklich dieses Jahr erwarten w\u00fcrde. Abschied. Ich wei\u00df es ist ein schweres, weniger [&hellip;]<\/p>\n","protected":false},"author":2,"featured_media":571,"comment_status":"open","ping_status":"open","sticky":false,"template":"","format":"standard","meta":{"jetpack_post_was_ever_published":false,"_jetpack_newsletter_access":"","_jetpack_dont_email_post_to_subs":false,"_jetpack_newsletter_tier_id":0,"_jetpack_memberships_contains_paywalled_content":false,"_jetpack_memberships_contains_paid_content":false,"footnotes":"","jetpack_publicize_message":"","jetpack_publicize_feature_enabled":true,"jetpack_social_post_already_shared":true,"jetpack_social_options":{"image_generator_settings":{"template":"highway","default_image_id":0,"font":"","enabled":false},"version":2}},"categories":[4],"tags":[],"class_list":["post-561","post","type-post","status-publish","format-standard","has-post-thumbnail","hentry","category-aus-dem-leben"],"jetpack_publicize_connections":[],"jetpack_featured_media_url":"https:\/\/bloggystyle.fotogravi.de\/wp-content\/uploads\/2020\/11\/IMG_20190914_190749-scaled.jpg","jetpack_sharing_enabled":true,"jetpack_shortlink":"https:\/\/wp.me\/p92MGu-93","_links":{"self":[{"href":"https:\/\/bloggystyle.fotogravi.de\/index.php\/wp-json\/wp\/v2\/posts\/561","targetHints":{"allow":["GET"]}}],"collection":[{"href":"https:\/\/bloggystyle.fotogravi.de\/index.php\/wp-json\/wp\/v2\/posts"}],"about":[{"href":"https:\/\/bloggystyle.fotogravi.de\/index.php\/wp-json\/wp\/v2\/types\/post"}],"author":[{"embeddable":true,"href":"https:\/\/bloggystyle.fotogravi.de\/index.php\/wp-json\/wp\/v2\/users\/2"}],"replies":[{"embeddable":true,"href":"https:\/\/bloggystyle.fotogravi.de\/index.php\/wp-json\/wp\/v2\/comments?post=561"}],"version-history":[{"count":14,"href":"https:\/\/bloggystyle.fotogravi.de\/index.php\/wp-json\/wp\/v2\/posts\/561\/revisions"}],"predecessor-version":[{"id":591,"href":"https:\/\/bloggystyle.fotogravi.de\/index.php\/wp-json\/wp\/v2\/posts\/561\/revisions\/591"}],"wp:featuredmedia":[{"embeddable":true,"href":"https:\/\/bloggystyle.fotogravi.de\/index.php\/wp-json\/wp\/v2\/media\/571"}],"wp:attachment":[{"href":"https:\/\/bloggystyle.fotogravi.de\/index.php\/wp-json\/wp\/v2\/media?parent=561"}],"wp:term":[{"taxonomy":"category","embeddable":true,"href":"https:\/\/bloggystyle.fotogravi.de\/index.php\/wp-json\/wp\/v2\/categories?post=561"},{"taxonomy":"post_tag","embeddable":true,"href":"https:\/\/bloggystyle.fotogravi.de\/index.php\/wp-json\/wp\/v2\/tags?post=561"}],"curies":[{"name":"wp","href":"https:\/\/api.w.org\/{rel}","templated":true}]}}