{"id":549,"date":"2020-05-19T20:42:38","date_gmt":"2020-05-19T18:42:38","guid":{"rendered":"http:\/\/bloggystyle.fotogravi.de\/?p=549"},"modified":"2020-05-19T20:42:38","modified_gmt":"2020-05-19T18:42:38","slug":"die-erde-atmet-durch","status":"publish","type":"post","link":"https:\/\/bloggystyle.fotogravi.de\/index.php\/die-erde-atmet-durch\/","title":{"rendered":"Die Erde atmet durch&#8230;"},"content":{"rendered":"\n<p><\/p>\n\n\n\n<p class=\"has-text-align-center\">Was wir alle in Corona sehen und hoffen d\u00fcrfen&#8230;<\/p>\n\n\n\n<p class=\"has-text-align-center\">C   hancen <\/p>\n\n\n\n<p class=\"has-text-align-center\">     O   ptimismus<\/p>\n\n\n\n<p class=\"has-text-align-center\">R   \u00fccksicht<\/p>\n\n\n\n<p class=\"has-text-align-center\">O   ffenheit<\/p>\n\n\n\n<p class=\"has-text-align-center\">                     N   \u00e4he (trotz Abstand)<\/p>\n\n\n\n<p class=\"has-text-align-center\">    A chtsamkeit<\/p>\n\n\n\n<p>Was sind das f\u00fcr verr\u00fcckte, schwere und bis vor einem Jahr f\u00fcr uns alle unvorstellbare Zeiten&#8230; Einen Blogartikel \u00fcber Corona hab ich schon lange auf dem Zettel, aber ehrlich gesagt hatte ich bisher immer das Gef\u00fchl, dass mir zu diesem Thema irgendwie nicht die richtigen Worte einfallen werden. Nun habe ich beschlossen ganz einfach meine bzw. unsere erlebte Zeit in dieser Krise zu beschreiben&#8230; Wie sich das inhaltlich gestalten wird, wei\u00df ich an dieser Stelle auch noch nicht so ganz genau, aber wir werden sehen und lesen&#8230; <\/p>\n\n\n\n<p>Erstmal m\u00f6chte ich hier ehrlich sein und zugeben, dass dieses Gef\u00fchl des &#8222;absolut mal gar nichts wissen&#8220; was \u00fcberhaupt gerade auf dieser Welt abgeht, manchmal ganz sch\u00f6n ekelhaft, ja ich m\u00f6chte fast sagen in einer Art belastend ist&#8230; Als das ganze Land dicht gemacht hat, Menschen um Ihre Existenzen bangen  mussten und es weiterhin leider tun, man kein L\u00e4cheln mehr im Gesicht der Mitmenschen sieht, weil es von Masken verdeckt wird&#8230; Die Angst um Eltern, Gro\u00dfeltern, Partner&#8230; Und dann der stete Blick nach Norditalien, die Nachrichten, die uns permanent und jeden Tag bombardieren mit negativen Schlagzeilen&#8230; Uff&#8230; also ich kann euch sagen, als hochsensibler Mensch checkt das bei dir alles manchmal ganz sch\u00f6n ein &#8211; so emotional&#8230;  Denn gerade diese Bilder aus Norditalien, auweia sowas nimmt mich echt immer ordentlich mit, dann k\u00e4mpfe ich mit den Tr\u00e4nen, weil ich dieses Leid dort f\u00f6rmlich fast selbst f\u00fchlen kann,&#8230; ob ich nun mal will oder nicht&#8230; weil ich dann Bilder von \u00e4lteren Menschen sehe, auf Intensivstationen und mir der Anblick so verdammt leid tut, dass meine einzige Reaktion in dem Moment ist den Schmerz rauszuweinen&#8230; Mitgef\u00fchl und Empathie sind was echt Sch\u00f6nes, aber man bekommt eben auch immer die volle Breitseite ab und dann hei\u00dft es wieder lernen &#8211; mitf\u00fchlen aber nicht mitleiden&#8230; Doch seit vielen Tagen lese ich, dass die Zahlen in Italien immer besser werden, was nat\u00fcrlich nichts daran \u00e4ndert, dass auf der ganzen Welt viel zu viele Menschen an dieser schlimmen Krankheit sterben mussten..  und um jeden einzelnen Menschen trauern weitere Menschen, was in der Summe soviel Traurigkeit auf der Welt macht&#8230; Deshalb gehen meine Gebete an all diejenigen, die viel zu fr\u00fch durch Corona gehen mussten, an alle ihre Liebsten Angeh\u00f6rigen, die eine so schmerzliche Zeit durchleiden. Mein Respekt und mein allergr\u00f6\u00dfter Dank gehen an all unsere Helden an der vordersten Front, die f\u00fcr uns alle &#8222;ihren Mann stehen&#8220;, ohne zur\u00fcckzuschrecken. Die jeden Tag mit der Gefahr leben sich selbst anzustecken. Ihr vermittelt uns Sicherheit, ihr habt das medizinische Know how, ihr seid die, die immer schon viel zu wenig wertsch\u00e4tzend bezahlt wurden und ihr seid die, f\u00fcr die ich so sehr hoffe, dass sich diesbez\u00fcglich in unserem Land endlich etwas \u00e4ndert. An Euch alle gehen meine allerliebsten W\u00fcnsche, meine positivsten Gedanken und ganz viel Sonnenschein aus dem Herzen heraus&#8230; ja ich m\u00f6chte gerade ein paar emotionale und durch gro\u00dfe Distanz und trotzdem wirksame Umarmungen verteilen&#8230; Auch unsere Politiker haben meinen Respekt und meine Anerkennung, denn ich m\u00f6chte in diesen Tagen nicht die Entscheidungen f\u00fcr ein F\u00dcR oder DAGEGEN f\u00e4llen, es braucht Mut und Weitsicht starken Schrittes politisch durch diese Krise zu gehen. <\/p>\n\n\n\n<p>.<\/p>\n\n\n\n<figure class=\"wp-block-gallery aligncenter columns-1 is-cropped wp-block-gallery-1 is-layout-flex wp-block-gallery-is-layout-flex\"><ul class=\"blocks-gallery-grid\"><li class=\"blocks-gallery-item\"><figure><img loading=\"lazy\" decoding=\"async\" width=\"766\" height=\"1024\" src=\"http:\/\/bloggystyle.fotogravi.de\/wp-content\/uploads\/2020\/05\/97975680_614027429198513_6489630609990746112_n-766x1024.jpg\" alt=\"\" data-id=\"551\" data-full-url=\"http:\/\/bloggystyle.fotogravi.de\/wp-content\/uploads\/2020\/05\/97975680_614027429198513_6489630609990746112_n.jpg\" data-link=\"http:\/\/bloggystyle.fotogravi.de\/?attachment_id=551\" class=\"wp-image-551\" srcset=\"https:\/\/bloggystyle.fotogravi.de\/wp-content\/uploads\/2020\/05\/97975680_614027429198513_6489630609990746112_n-766x1024.jpg 766w, https:\/\/bloggystyle.fotogravi.de\/wp-content\/uploads\/2020\/05\/97975680_614027429198513_6489630609990746112_n-224x300.jpg 224w, https:\/\/bloggystyle.fotogravi.de\/wp-content\/uploads\/2020\/05\/97975680_614027429198513_6489630609990746112_n-768x1027.jpg 768w, https:\/\/bloggystyle.fotogravi.de\/wp-content\/uploads\/2020\/05\/97975680_614027429198513_6489630609990746112_n-1148x1536.jpg 1148w, https:\/\/bloggystyle.fotogravi.de\/wp-content\/uploads\/2020\/05\/97975680_614027429198513_6489630609990746112_n-370x495.jpg 370w, https:\/\/bloggystyle.fotogravi.de\/wp-content\/uploads\/2020\/05\/97975680_614027429198513_6489630609990746112_n-1040x1391.jpg 1040w, https:\/\/bloggystyle.fotogravi.de\/wp-content\/uploads\/2020\/05\/97975680_614027429198513_6489630609990746112_n.jpg 1531w\" sizes=\"auto, (max-width: 766px) 100vw, 766px\" \/><\/figure><\/li><\/ul><\/figure>\n\n\n\n<p>Die r\u00fcckl\u00e4ufigen Zahlen entsch\u00e4digen zwar nicht f\u00fcr die vielen Opfer, aber es ist ein Hoffnungsschimmer am Horizont zu erkennen und der macht doch allemal Mut. Und wisst ihr was ich festgestellt habe, heute erst in der B\u00e4ckerei? Man kann ganz ganz wunderbar mit den Augen l\u00e4cheln und lachen&#8230; wie sch\u00f6n! Ja das geht und das w\u00e4re uns doch vor Corona und der Maskenpflicht gar nicht erst aufgefallen. <\/p>\n\n\n\n<p>Wenn man die vielen letzten Wochen mal gut aufgepasst hat konnte man so eine unglaubliche friedliche Stille, so ein Durchatmen beobachten&#8230; Habt ihr mal den tiefblauen Himmel gesehen &#8211; ohne ein Flugzeug? Habt ihr mal in die Nacht gehorcht &#8211; und keine Autobahn geh\u00f6rt? Habt ihr mitbekommen, wie sich verdr\u00e4ngte Tiere ihren Platz \u00fcberall auf der Welt wieder zur\u00fcckgeholt haben? Da f\u00e4llt mir der Songtext von &#8222;MILCK &#8211; A little Peace&#8220; ein&#8230;  Vielleicht ging es unserer Erde so&#8230; Es war einfach genug, es war kurz vor knapp und sie brauchte einfach so dringend mal eine Auszeit&#8230; Von uns&#8230; von den ganzen Giften, denen sie tagt\u00e4glich ausgesetzt ist.. von all den Belastungen, die der Mensch ihr antut&#8230; ja vielleicht<\/p>\n\n\n\n<p class=\"has-text-align-center\">Heard the news from a friend, cried in silence<br>Hard to bear or understand all this violence<br>There are times when my will is close to broken<br>It takes all I got to keep my heart open <\/p>\n\n\n\n<p class=\"has-text-align-center\">All I need is a little peace<br>A little peace&#8230;<\/p>\n\n\n\n<p>Wir haben in dieser Zeit wirklich viel die Zweisamkeit, das &#8222;nichts m\u00fcssen&#8220; genossen, den Garten in all seiner Pracht ausgekostet und uns noch ein bisschen mehr Zeit f\u00fcreinander genommen. Noch intensiver wurde nat\u00fcrlich die Zeit mit Toby unserem Labradoodelchen, er bl\u00fcht richtig auf, er festigt sich jeden Tag ein bisschen mehr in sich selbst und er merkt wohl auch wie gut uns das Herunterfahren tut&#8230; jeden Tag d\u00fcrfen wir ein bisschen mehr von diesem wunderbaren kleinen Charakterkopf sehen und es macht uns einfach nur gl\u00fccklich. Ich wei\u00df, f\u00fcr alleinstehende Menschen, die eine kleine Wohnung oder auch keinen Balkon etc. haben sieht die Lage ganz anders aus und deshalb bin ich auch der Meinung, dass wir nicht jammern d\u00fcrfen. Tun wir auch nicht&#8230; Es ist in der Tat so, dass sich hochsensible Menschen immer mal wieder rausnehmen, nicht weil sie sich aus Traurigkeit oder \u00e4hnlichem zur\u00fcckziehen, sondern um den Akku der Seele und der Gef\u00fchlswelt wieder zu laden&#8230; Ich reagiere bei Stress ganz h\u00e4ufig so, ich brauche dann manchmal einfach die Auszeit und die Gewissheit, dass wir jetzt keinen Freizeitstress haben und ich einfach Sicherheit und Qualit\u00e4tszeit mit meinen engsten Menschen haben darf. Ach ja und die Musik, ja Musik hilft irgendwie immer, in so vielen Lebenslagen, sie holt mich ab, wenn ich v\u00f6llig happy bin, pusht mich, aber ich kann mich auch in sie fallen lassen wenns mal echt bescheiden l\u00e4uft und sie l\u00f6st so viel in mir aus&#8230; Manche Melodien gehen straight durch bis ins Herz und machen emotional so viel mit mir&#8230; und dann bin ich oft wieder so fasziniert von dieser Kunst eine Melodie und ber\u00fchrende Texte verfassen zu k\u00f6nnen&#8230; ja es fasziniert mich einfach&#8230; <\/p>\n\n\n\n<p>.<\/p>\n\n\n\n<figure class=\"wp-block-gallery aligncenter columns-1 is-cropped wp-block-gallery-2 is-layout-flex wp-block-gallery-is-layout-flex\"><ul class=\"blocks-gallery-grid\"><li class=\"blocks-gallery-item\"><figure><img loading=\"lazy\" decoding=\"async\" width=\"553\" height=\"1024\" src=\"http:\/\/bloggystyle.fotogravi.de\/wp-content\/uploads\/2020\/05\/98807601_246648636443825_2071479739226259456_n-553x1024.jpg\" alt=\"\" data-id=\"552\" data-full-url=\"http:\/\/bloggystyle.fotogravi.de\/wp-content\/uploads\/2020\/05\/98807601_246648636443825_2071479739226259456_n.jpg\" data-link=\"http:\/\/bloggystyle.fotogravi.de\/?attachment_id=552\" class=\"wp-image-552\" srcset=\"https:\/\/bloggystyle.fotogravi.de\/wp-content\/uploads\/2020\/05\/98807601_246648636443825_2071479739226259456_n-553x1024.jpg 553w, https:\/\/bloggystyle.fotogravi.de\/wp-content\/uploads\/2020\/05\/98807601_246648636443825_2071479739226259456_n-162x300.jpg 162w, https:\/\/bloggystyle.fotogravi.de\/wp-content\/uploads\/2020\/05\/98807601_246648636443825_2071479739226259456_n-768x1423.jpg 768w, https:\/\/bloggystyle.fotogravi.de\/wp-content\/uploads\/2020\/05\/98807601_246648636443825_2071479739226259456_n-829x1536.jpg 829w, https:\/\/bloggystyle.fotogravi.de\/wp-content\/uploads\/2020\/05\/98807601_246648636443825_2071479739226259456_n-370x686.jpg 370w, https:\/\/bloggystyle.fotogravi.de\/wp-content\/uploads\/2020\/05\/98807601_246648636443825_2071479739226259456_n-1040x1928.jpg 1040w, https:\/\/bloggystyle.fotogravi.de\/wp-content\/uploads\/2020\/05\/98807601_246648636443825_2071479739226259456_n.jpg 1105w\" sizes=\"auto, (max-width: 553px) 100vw, 553px\" \/><\/figure><\/li><\/ul><\/figure>\n\n\n\n<p>Etwas wirklich Sch\u00f6nes was wir in dieser Corona Zeit erfahren ist diese unglaubliche N\u00e4he, trotz des Abstandes&#8230; Viele unserer Freunde vermisse ich wirklich, wirklich bitterlich&#8230; Ich vermisse die Gespr\u00e4che mit Ihnen, die sch\u00f6nen, redseligen Abende&#8230; die ungek\u00fcnstelte Atmosph\u00e4re mit Ihnen&#8230;  Ich vermisse eine Umarmung, ein festes Dr\u00fccken, eine echte, ernst gemeinte Umarmung&#8230; Ihr wisst was ich meine, es gibt ja solche und solche Umarmungen! Ne ich meine, die richtig Guten, die, die sich anf\u00fchlen als w\u00fcrde man in seine Lieblingsjeans h\u00fcpfen&#8230; Ich bin ein Umarmungsmensch, nein ich bin nicht Olaf, aber ja ich liebe Umarmungen. Ich sch\u00e4tze in einer Freundschaft die ehrliche N\u00e4he, die emotionale Verbundheit, das Vertrauen ineinander&#8230; Ich bin ultra stolz, dass wir (da wir ja leider nicht zusammen Bouldern gehen k\u00f6nnen) unsere Fitness-Gruppe haben, in der wir uns nun wirklich schon seit \u00fcber 60 Tagen gemeinsam abrackern und schwitzen, uns gegenseitig motivieren und in den Hintern treten, uns miteinander und am Erfolg der anderen mitfreuen d\u00fcrfen&#8230; ist es nicht wahr meine lieben Pusteblumen? \ud83d\ude09 <\/p>\n\n\n\n<p>.<\/p>\n\n\n\n<figure class=\"wp-block-gallery aligncenter columns-1 is-cropped wp-block-gallery-3 is-layout-flex wp-block-gallery-is-layout-flex\"><ul class=\"blocks-gallery-grid\"><li class=\"blocks-gallery-item\"><figure><img loading=\"lazy\" decoding=\"async\" width=\"1024\" height=\"551\" src=\"http:\/\/bloggystyle.fotogravi.de\/wp-content\/uploads\/2020\/05\/96818156_2884921834895588_3680161835887099904_o-1024x551.jpg\" alt=\"\" data-id=\"553\" data-full-url=\"http:\/\/bloggystyle.fotogravi.de\/wp-content\/uploads\/2020\/05\/96818156_2884921834895588_3680161835887099904_o.jpg\" data-link=\"http:\/\/bloggystyle.fotogravi.de\/?attachment_id=553\" class=\"wp-image-553\" srcset=\"https:\/\/bloggystyle.fotogravi.de\/wp-content\/uploads\/2020\/05\/96818156_2884921834895588_3680161835887099904_o-1024x551.jpg 1024w, https:\/\/bloggystyle.fotogravi.de\/wp-content\/uploads\/2020\/05\/96818156_2884921834895588_3680161835887099904_o-300x161.jpg 300w, https:\/\/bloggystyle.fotogravi.de\/wp-content\/uploads\/2020\/05\/96818156_2884921834895588_3680161835887099904_o-768x413.jpg 768w, https:\/\/bloggystyle.fotogravi.de\/wp-content\/uploads\/2020\/05\/96818156_2884921834895588_3680161835887099904_o-370x199.jpg 370w, https:\/\/bloggystyle.fotogravi.de\/wp-content\/uploads\/2020\/05\/96818156_2884921834895588_3680161835887099904_o-1040x559.jpg 1040w, https:\/\/bloggystyle.fotogravi.de\/wp-content\/uploads\/2020\/05\/96818156_2884921834895588_3680161835887099904_o.jpg 1080w\" sizes=\"auto, (max-width: 1024px) 100vw, 1024px\" \/><\/figure><\/li><\/ul><\/figure>\n\n\n\n<p>Und dann sind da noch die Freundschaften, die in der Corona Zeit noch ein bisschen mehr gewachsen sind&#8230; Die Monicas wissen jetzt Bescheid&#8230; Und ganz ehrlich, welche Hindernisse diese Freundschaft schon hinter sich hat und es trotz der krassen Ehrlichkeit, der Distanz und den harten Worten \u00fcberstanden hat&#8230; in Bayern sagt man&#8230; dann is halt wos Gscheids, gell&#8230; diese Freundschaft ist tats\u00e4chlich gest\u00e4rkt daraus hervorgegangen. Und dann sind da noch unsere Online Gaming Freunde, ja also wir haben uns kurz vor Corona kennengelernt und es ist dann echt sch\u00f6n, wenn man sich mit niemandem treffen darf, den sozialen Austausch und wenn es nur per Mikro \u00fcber den PC ist, zu haben&#8230; Also nein, Corona hat nicht nur Schlechtes an sich, ich glaube wenn wir uns fest fokussieren und einmal auch echt durchatmen, so wie es uns unsere liebe Mutter Erde gerade vormacht, dann d\u00fcrfen wir in dieser Zeit so viel Wertvolles erfahren, aus vielen Dingen so viel Mehrwert mitnehmen&#8230; Wir sollten uns genau \u00fcberlegen, was m\u00f6chten wir aus Corona mitnehmen, ich sehe darin tats\u00e4chlich so viele <strong><em>C<\/em><\/strong>hancen, sei es f\u00fcr Betriebe in der Modernisierung, ich sehe den <strong><em>O<\/em><\/strong>ptimismus unserer Pflegekr\u00e4fte und \u00c4rzte der allgegenw\u00e4rtig da ist, ich sehe pl\u00f6tzlich soviel<strong> <em>R<\/em><\/strong>\u00fccksicht der Menschen untereinander und im Miteinander. Ich sehe eine<em><strong> O<\/strong><\/em>ffenheit sich in vielen Dingen umzustellen, umzudenken, neue Wege zu gehen. Ich sp\u00fcre diese unfassbare <strong><em>N<\/em><\/strong>\u00e4he zu unseren Freunden, die egal wie gro\u00df die r\u00e4umliche Distanz auch ist so greifbar und sch\u00f6n zu erleben ist und ich nehme f\u00fcr mich ein bisschen<strong><em> A<\/em><\/strong>chtsamkeit mit&#8230; Achtsamkeit im Bezug auf unseren Planeten, auf meine Mitmenschen, Achtsamkeit mir gegen\u00fcber und Achtsamkeit f\u00fcr all die kleinen Dingen, die uns Tag ein Tag aus begegnen&#8230; Und ich nehme ein Hoffen und ein Beten mit, f\u00fcr meine Kollegin, f\u00fcr uns alle, dass alles gut werden wird&#8230; <\/p>\n\n\n\n<p>.<\/p>\n\n\n\n<figure class=\"wp-block-gallery aligncenter columns-1 is-cropped wp-block-gallery-4 is-layout-flex wp-block-gallery-is-layout-flex\"><ul class=\"blocks-gallery-grid\"><li class=\"blocks-gallery-item\"><figure><img loading=\"lazy\" decoding=\"async\" width=\"768\" height=\"1024\" src=\"http:\/\/bloggystyle.fotogravi.de\/wp-content\/uploads\/2020\/05\/98463372_1288300564699428_8979786690398781440_n-768x1024.jpg\" alt=\"\" data-id=\"554\" data-full-url=\"http:\/\/bloggystyle.fotogravi.de\/wp-content\/uploads\/2020\/05\/98463372_1288300564699428_8979786690398781440_n.jpg\" data-link=\"http:\/\/bloggystyle.fotogravi.de\/?attachment_id=554\" class=\"wp-image-554\" srcset=\"https:\/\/bloggystyle.fotogravi.de\/wp-content\/uploads\/2020\/05\/98463372_1288300564699428_8979786690398781440_n-768x1024.jpg 768w, https:\/\/bloggystyle.fotogravi.de\/wp-content\/uploads\/2020\/05\/98463372_1288300564699428_8979786690398781440_n-225x300.jpg 225w, https:\/\/bloggystyle.fotogravi.de\/wp-content\/uploads\/2020\/05\/98463372_1288300564699428_8979786690398781440_n-1152x1536.jpg 1152w, https:\/\/bloggystyle.fotogravi.de\/wp-content\/uploads\/2020\/05\/98463372_1288300564699428_8979786690398781440_n-370x493.jpg 370w, https:\/\/bloggystyle.fotogravi.de\/wp-content\/uploads\/2020\/05\/98463372_1288300564699428_8979786690398781440_n-1040x1387.jpg 1040w, https:\/\/bloggystyle.fotogravi.de\/wp-content\/uploads\/2020\/05\/98463372_1288300564699428_8979786690398781440_n.jpg 1536w\" sizes=\"auto, (max-width: 768px) 100vw, 768px\" \/><\/figure><\/li><\/ul><\/figure>\n\n\n\n<p class=\"has-text-align-center\">In diesem Sinne, sei dankbar, zufrieden und gl\u00fccklich, Du hast alles was es zum Gl\u00fccklichsein braucht!<\/p>\n\n\n\n<p class=\"has-text-align-center\">Eure Steffi<br>von Bloggystyle<\/p>\n","protected":false},"excerpt":{"rendered":"<p>Was wir alle in Corona sehen und hoffen d\u00fcrfen&#8230; C hancen O ptimismus R \u00fccksicht O ffenheit N \u00e4he (trotz Abstand) A chtsamkeit Was sind das f\u00fcr verr\u00fcckte, schwere und bis vor einem Jahr f\u00fcr uns alle unvorstellbare Zeiten&#8230; Einen Blogartikel \u00fcber Corona hab ich schon lange auf dem Zettel, aber ehrlich gesagt hatte ich bisher immer das Gef\u00fchl, dass mir zu diesem Thema irgendwie nicht die richtigen Worte einfallen werden. Nun habe ich beschlossen ganz einfach meine bzw. unsere [&hellip;]<\/p>\n","protected":false},"author":2,"featured_media":550,"comment_status":"open","ping_status":"open","sticky":false,"template":"","format":"standard","meta":{"jetpack_post_was_ever_published":false,"_jetpack_newsletter_access":"","_jetpack_dont_email_post_to_subs":false,"_jetpack_newsletter_tier_id":0,"_jetpack_memberships_contains_paywalled_content":false,"_jetpack_memberships_contains_paid_content":false,"footnotes":"","jetpack_publicize_message":"","jetpack_publicize_feature_enabled":true,"jetpack_social_post_already_shared":true,"jetpack_social_options":{"image_generator_settings":{"template":"highway","default_image_id":0,"font":"","enabled":false},"version":2}},"categories":[1],"tags":[],"class_list":["post-549","post","type-post","status-publish","format-standard","has-post-thumbnail","hentry","category-allgemein"],"jetpack_publicize_connections":[],"jetpack_featured_media_url":"https:\/\/bloggystyle.fotogravi.de\/wp-content\/uploads\/2020\/05\/98955762_980047815745702_2615373691554365440_n.jpg","jetpack_sharing_enabled":true,"jetpack_shortlink":"https:\/\/wp.me\/p92MGu-8R","_links":{"self":[{"href":"https:\/\/bloggystyle.fotogravi.de\/index.php\/wp-json\/wp\/v2\/posts\/549","targetHints":{"allow":["GET"]}}],"collection":[{"href":"https:\/\/bloggystyle.fotogravi.de\/index.php\/wp-json\/wp\/v2\/posts"}],"about":[{"href":"https:\/\/bloggystyle.fotogravi.de\/index.php\/wp-json\/wp\/v2\/types\/post"}],"author":[{"embeddable":true,"href":"https:\/\/bloggystyle.fotogravi.de\/index.php\/wp-json\/wp\/v2\/users\/2"}],"replies":[{"embeddable":true,"href":"https:\/\/bloggystyle.fotogravi.de\/index.php\/wp-json\/wp\/v2\/comments?post=549"}],"version-history":[{"count":5,"href":"https:\/\/bloggystyle.fotogravi.de\/index.php\/wp-json\/wp\/v2\/posts\/549\/revisions"}],"predecessor-version":[{"id":559,"href":"https:\/\/bloggystyle.fotogravi.de\/index.php\/wp-json\/wp\/v2\/posts\/549\/revisions\/559"}],"wp:featuredmedia":[{"embeddable":true,"href":"https:\/\/bloggystyle.fotogravi.de\/index.php\/wp-json\/wp\/v2\/media\/550"}],"wp:attachment":[{"href":"https:\/\/bloggystyle.fotogravi.de\/index.php\/wp-json\/wp\/v2\/media?parent=549"}],"wp:term":[{"taxonomy":"category","embeddable":true,"href":"https:\/\/bloggystyle.fotogravi.de\/index.php\/wp-json\/wp\/v2\/categories?post=549"},{"taxonomy":"post_tag","embeddable":true,"href":"https:\/\/bloggystyle.fotogravi.de\/index.php\/wp-json\/wp\/v2\/tags?post=549"}],"curies":[{"name":"wp","href":"https:\/\/api.w.org\/{rel}","templated":true}]}}